{"id":1776,"date":"2016-04-25T10:53:15","date_gmt":"2016-04-25T09:53:15","guid":{"rendered":"http:\/\/www.groupe-icare.com\/?p=1776"},"modified":"2016-04-25T10:53:15","modified_gmt":"2016-04-25T09:53:15","slug":"les-metiers-de-la-securite-embauchent","status":"publish","type":"post","link":"https:\/\/www.groupe-icare.com\/solutions-emploi\/2016\/04\/25\/les-metiers-de-la-securite-embauchent\/","title":{"rendered":"Les m\u00e9tiers de la s\u00e9curit\u00e9 embauchent"},"content":{"rendered":"","protected":false},"excerpt":{"rendered":"","protected":false},"author":11,"featured_media":1775,"comment_status":"open","ping_status":"open","sticky":false,"template":"","format":"standard","meta":{"_et_pb_use_builder":"","_et_pb_old_content":"","_et_gb_content_width":"","jetpack_post_was_ever_published":false,"_jetpack_newsletter_access":""},"categories":[2],"tags":[],"yoast_head":"<!-- This site is optimized with the Yoast SEO plugin v21.1 - https:\/\/yoast.com\/wordpress\/plugins\/seo\/ -->\n<title>Les m\u00e9tiers de la s\u00e9curit\u00e9 embauchent - ICARE ITEM GIROL groupe. Services et emplois en Rh\u00f4ne-Alpes<\/title>\n<meta name=\"robots\" content=\"index, follow, max-snippet:-1, max-image-preview:large, max-video-preview:-1\" \/>\n<link rel=\"canonical\" href=\"https:\/\/www.groupe-icare.com\/solutions-emploi\/2016\/04\/25\/les-metiers-de-la-securite-embauchent\/\" \/>\n<meta property=\"og:locale\" content=\"fr_FR\" \/>\n<meta property=\"og:type\" content=\"article\" \/>\n<meta property=\"og:title\" content=\"Les m\u00e9tiers de la s\u00e9curit\u00e9 embauchent - ICARE ITEM GIROL groupe. Services et emplois en Rh\u00f4ne-Alpes\" \/>\n<meta property=\"og:url\" content=\"https:\/\/www.groupe-icare.com\/solutions-emploi\/2016\/04\/25\/les-metiers-de-la-securite-embauchent\/\" \/>\n<meta property=\"og:site_name\" content=\"ICARE ITEM GIROL groupe. Services et emplois en Rh\u00f4ne-Alpes\" \/>\n<meta property=\"article:published_time\" content=\"2016-04-25T09:53:15+00:00\" \/>\n<meta property=\"og:image\" content=\"https:\/\/i0.wp.com\/www.groupe-icare.com\/solutions-emploi\/wp-content\/uploads\/2016\/04\/Les-m\u00e9tiers-de-la-s\u00e9curit\u00e9-embauchent.png?fit=812%2C805&ssl=1\" \/>\n\t<meta property=\"og:image:width\" content=\"812\" \/>\n\t<meta property=\"og:image:height\" content=\"805\" \/>\n\t<meta property=\"og:image:type\" content=\"image\/png\" \/>\n<meta name=\"author\" content=\"Communication-Icare\" \/>\n<meta name=\"twitter:card\" content=\"summary_large_image\" \/>\n<meta name=\"twitter:label1\" content=\"\u00c9crit par\" \/>\n\t<meta name=\"twitter:data1\" content=\"Communication-Icare\" \/>\n<script type=\"application\/ld+json\" class=\"yoast-schema-graph\">{\"@context\":\"https:\/\/schema.org\",\"@graph\":[{\"@type\":\"WebPage\",\"@id\":\"https:\/\/www.groupe-icare.com\/solutions-emploi\/2016\/04\/25\/les-metiers-de-la-securite-embauchent\/\",\"url\":\"https:\/\/www.groupe-icare.com\/solutions-emploi\/2016\/04\/25\/les-metiers-de-la-securite-embauchent\/\",\"name\":\"Les m\u00e9tiers de la s\u00e9curit\u00e9 embauchent - ICARE ITEM GIROL groupe. Services et emplois en Rh\u00f4ne-Alpes\",\"isPartOf\":{\"@id\":\"https:\/\/www.groupe-icare.com\/solutions-emploi\/#website\"},\"datePublished\":\"2016-04-25T09:53:15+00:00\",\"dateModified\":\"2016-04-25T09:53:15+00:00\",\"author\":{\"@id\":\"https:\/\/www.groupe-icare.com\/solutions-emploi\/#\/schema\/person\/272fdb8fbebf6613e18da09da55b0f41\"},\"breadcrumb\":{\"@id\":\"https:\/\/www.groupe-icare.com\/solutions-emploi\/2016\/04\/25\/les-metiers-de-la-securite-embauchent\/#breadcrumb\"},\"inLanguage\":\"fr-FR\",\"potentialAction\":[{\"@type\":\"ReadAction\",\"target\":[\"https:\/\/www.groupe-icare.com\/solutions-emploi\/2016\/04\/25\/les-metiers-de-la-securite-embauchent\/\"]}]},{\"@type\":\"BreadcrumbList\",\"@id\":\"https:\/\/www.groupe-icare.com\/solutions-emploi\/2016\/04\/25\/les-metiers-de-la-securite-embauchent\/#breadcrumb\",\"itemListElement\":[{\"@type\":\"ListItem\",\"position\":1,\"name\":\"Accueil\",\"item\":\"https:\/\/www.groupe-icare.com\/solutions-emploi\/\"},{\"@type\":\"ListItem\",\"position\":2,\"name\":\"Les m\u00e9tiers de la s\u00e9curit\u00e9 embauchent\"}]},{\"@type\":\"WebSite\",\"@id\":\"https:\/\/www.groupe-icare.com\/solutions-emploi\/#website\",\"url\":\"https:\/\/www.groupe-icare.com\/solutions-emploi\/\",\"name\":\"ICARE ITEM GIROL groupe. Services et emplois en Rh\u00f4ne-Alpes\",\"description\":\"les solutions emploi de Rh\u00f4ne-Alpes\",\"potentialAction\":[{\"@type\":\"SearchAction\",\"target\":{\"@type\":\"EntryPoint\",\"urlTemplate\":\"https:\/\/www.groupe-icare.com\/solutions-emploi\/?s={search_term_string}\"},\"query-input\":\"required name=search_term_string\"}],\"inLanguage\":\"fr-FR\"},{\"@type\":\"Person\",\"@id\":\"https:\/\/www.groupe-icare.com\/solutions-emploi\/#\/schema\/person\/272fdb8fbebf6613e18da09da55b0f41\",\"name\":\"Communication-Icare\",\"image\":{\"@type\":\"ImageObject\",\"inLanguage\":\"fr-FR\",\"@id\":\"https:\/\/www.groupe-icare.com\/solutions-emploi\/#\/schema\/person\/image\/\",\"url\":\"https:\/\/secure.gravatar.com\/avatar\/9ae3b362b7882eed287f951755917fc1?s=96&d=mm&r=g\",\"contentUrl\":\"https:\/\/secure.gravatar.com\/avatar\/9ae3b362b7882eed287f951755917fc1?s=96&d=mm&r=g\",\"caption\":\"Communication-Icare\"},\"url\":\"https:\/\/www.groupe-icare.com\/solutions-emploi\/author\/communication-icare\/\"}]}<\/script>\n<!-- \/ Yoast SEO plugin. -->","yoast_head_json":{"title":"Les m\u00e9tiers de la s\u00e9curit\u00e9 embauchent - ICARE ITEM GIROL groupe. Services et emplois en Rh\u00f4ne-Alpes","robots":{"index":"index","follow":"follow","max-snippet":"max-snippet:-1","max-image-preview":"max-image-preview:large","max-video-preview":"max-video-preview:-1"},"canonical":"https:\/\/www.groupe-icare.com\/solutions-emploi\/2016\/04\/25\/les-metiers-de-la-securite-embauchent\/","og_locale":"fr_FR","og_type":"article","og_title":"Les m\u00e9tiers de la s\u00e9curit\u00e9 embauchent - ICARE ITEM GIROL groupe. Services et emplois en Rh\u00f4ne-Alpes","og_url":"https:\/\/www.groupe-icare.com\/solutions-emploi\/2016\/04\/25\/les-metiers-de-la-securite-embauchent\/","og_site_name":"ICARE ITEM GIROL groupe. Services et emplois en Rh\u00f4ne-Alpes","article_published_time":"2016-04-25T09:53:15+00:00","og_image":[{"width":812,"height":805,"url":"https:\/\/i0.wp.com\/www.groupe-icare.com\/solutions-emploi\/wp-content\/uploads\/2016\/04\/Les-m\u00e9tiers-de-la-s\u00e9curit\u00e9-embauchent.png?fit=812%2C805&ssl=1","type":"image\/png"}],"author":"Communication-Icare","twitter_card":"summary_large_image","twitter_misc":{"\u00c9crit par":"Communication-Icare"},"schema":{"@context":"https:\/\/schema.org","@graph":[{"@type":"WebPage","@id":"https:\/\/www.groupe-icare.com\/solutions-emploi\/2016\/04\/25\/les-metiers-de-la-securite-embauchent\/","url":"https:\/\/www.groupe-icare.com\/solutions-emploi\/2016\/04\/25\/les-metiers-de-la-securite-embauchent\/","name":"Les m\u00e9tiers de la s\u00e9curit\u00e9 embauchent - ICARE ITEM GIROL groupe. Services et emplois en Rh\u00f4ne-Alpes","isPartOf":{"@id":"https:\/\/www.groupe-icare.com\/solutions-emploi\/#website"},"datePublished":"2016-04-25T09:53:15+00:00","dateModified":"2016-04-25T09:53:15+00:00","author":{"@id":"https:\/\/www.groupe-icare.com\/solutions-emploi\/#\/schema\/person\/272fdb8fbebf6613e18da09da55b0f41"},"breadcrumb":{"@id":"https:\/\/www.groupe-icare.com\/solutions-emploi\/2016\/04\/25\/les-metiers-de-la-securite-embauchent\/#breadcrumb"},"inLanguage":"fr-FR","potentialAction":[{"@type":"ReadAction","target":["https:\/\/www.groupe-icare.com\/solutions-emploi\/2016\/04\/25\/les-metiers-de-la-securite-embauchent\/"]}]},{"@type":"BreadcrumbList","@id":"https:\/\/www.groupe-icare.com\/solutions-emploi\/2016\/04\/25\/les-metiers-de-la-securite-embauchent\/#breadcrumb","itemListElement":[{"@type":"ListItem","position":1,"name":"Accueil","item":"https:\/\/www.groupe-icare.com\/solutions-emploi\/"},{"@type":"ListItem","position":2,"name":"Les m\u00e9tiers de la s\u00e9curit\u00e9 embauchent"}]},{"@type":"WebSite","@id":"https:\/\/www.groupe-icare.com\/solutions-emploi\/#website","url":"https:\/\/www.groupe-icare.com\/solutions-emploi\/","name":"ICARE ITEM GIROL groupe. Services et emplois en Rh\u00f4ne-Alpes","description":"les solutions emploi de Rh\u00f4ne-Alpes","potentialAction":[{"@type":"SearchAction","target":{"@type":"EntryPoint","urlTemplate":"https:\/\/www.groupe-icare.com\/solutions-emploi\/?s={search_term_string}"},"query-input":"required name=search_term_string"}],"inLanguage":"fr-FR"},{"@type":"Person","@id":"https:\/\/www.groupe-icare.com\/solutions-emploi\/#\/schema\/person\/272fdb8fbebf6613e18da09da55b0f41","name":"Communication-Icare","image":{"@type":"ImageObject","inLanguage":"fr-FR","@id":"https:\/\/www.groupe-icare.com\/solutions-emploi\/#\/schema\/person\/image\/","url":"https:\/\/secure.gravatar.com\/avatar\/9ae3b362b7882eed287f951755917fc1?s=96&d=mm&r=g","contentUrl":"https:\/\/secure.gravatar.com\/avatar\/9ae3b362b7882eed287f951755917fc1?s=96&d=mm&r=g","caption":"Communication-Icare"},"url":"https:\/\/www.groupe-icare.com\/solutions-emploi\/author\/communication-icare\/"}]}},"jetpack_featured_media_url":"https:\/\/i0.wp.com\/www.groupe-icare.com\/solutions-emploi\/wp-content\/uploads\/2016\/04\/Les-m\u00e9tiers-de-la-s\u00e9curit\u00e9-embauchent.png?fit=812%2C805&ssl=1","jetpack_shortlink":"https:\/\/wp.me\/p7CrYq-sE","jetpack-related-posts":[{"id":1726,"url":"https:\/\/www.groupe-icare.com\/solutions-emploi\/2016\/04\/01\/groupe-icare-et-resol\/","url_meta":{"origin":1776,"position":0},"title":"Les m\u00e9tiers de la s\u00e9curit\u00e9, un tremplin vers l&#8217;emploi","author":"Communication-Icare","date":"1 avril 2016","format":false,"excerpt":"\u00a0 Merci de nous retrouver \u00e0 la matinale des m\u00e9tiers de la s\u00e9curit\u00e9 public et priv\u00e9 qui aura lieu le 8 avril prochain \u00e0 8h 15 au \"Le Tabagnon\" - 102 Chemin des Chassagnes \u00e0 la Mulati\u00e8re \u00a0","rel":"","context":"Dans &quot;Actualit\u00e9s - solutions pour l'emploi&quot;","block_context":{"text":"Actualit\u00e9s - solutions pour l'emploi","link":"https:\/\/www.groupe-icare.com\/solutions-emploi\/category\/actualites-globales\/"},"img":{"alt_text":"","src":"https:\/\/i0.wp.com\/www.groupe-icare.com\/solutions-emploi\/wp-content\/uploads\/2016\/04\/RESOL-2016.png?fit=555%2C768&ssl=1&resize=350%2C200","width":350,"height":200,"srcset":"https:\/\/i0.wp.com\/www.groupe-icare.com\/solutions-emploi\/wp-content\/uploads\/2016\/04\/RESOL-2016.png?fit=555%2C768&ssl=1&resize=350%2C200 1x, https:\/\/i0.wp.com\/www.groupe-icare.com\/solutions-emploi\/wp-content\/uploads\/2016\/04\/RESOL-2016.png?fit=555%2C768&ssl=1&resize=525%2C300 1.5x"},"classes":[]},{"id":10488,"url":"https:\/\/www.groupe-icare.com\/solutions-emploi\/2024\/12\/20\/girol-interim-journee-de-formation-securite\/","url_meta":{"origin":1776,"position":1},"title":"GIROL Interim Journ\u00e9e de formation s\u00e9curit\u00e9","author":"Communication-Icare","date":"20 d\u00e9cembre 2024","format":false,"excerpt":"Le 20 d\u00e9cembre dernier s\u2019est d\u00e9roul\u00e9e une journ\u00e9e de formation au sein de l\u2019agence. Six int\u00e9rimaires habitu\u00e9s \u00e0 travailler dehors par tous les temps ont \u00e9t\u00e9 \u201cenferm\u00e9s\u201d toute une journ\u00e9e pour \u00eatre sensibilis\u00e9s aux dangers et aussi form\u00e9s \u00e0 la s\u00e9curit\u00e9 sur les m\u00e9tiers de poseur de voies ferr\u00e9es. Cette\u2026","rel":"","context":"Dans &quot;A la une&quot;","block_context":{"text":"A la une","link":"https:\/\/www.groupe-icare.com\/solutions-emploi\/category\/alaune\/"},"img":{"alt_text":"","src":"https:\/\/i0.wp.com\/www.groupe-icare.com\/solutions-emploi\/wp-content\/uploads\/2025\/02\/girol2.png?fit=296%2C222&ssl=1&resize=350%2C200","width":350,"height":200},"classes":[]},{"id":1767,"url":"https:\/\/www.groupe-icare.com\/solutions-emploi\/2016\/04\/25\/les-metiers-de-la-boulangerie\/","url_meta":{"origin":1776,"position":2},"title":"les m\u00e9tiers de la boulangerie","author":"Communication-Icare","date":"25 avril 2016","format":false,"excerpt":"\u00a0 \u00a0 Les m\u00e9tiers de la boulangerie vous int\u00e9resse ? Venez nous rencontrez le jeudi 28 avril de 14 \u00e0 16h Attention vous devez vous inscrire avant : evenements@sudouestemploi.org \u00a0 \u00a0 \u00a0 \u00a0","rel":"","context":"Dans &quot;Actualit\u00e9s - solutions pour l'emploi&quot;","block_context":{"text":"Actualit\u00e9s - solutions pour l'emploi","link":"https:\/\/www.groupe-icare.com\/solutions-emploi\/category\/actualites-globales\/"},"img":{"alt_text":"","src":"https:\/\/i0.wp.com\/www.groupe-icare.com\/solutions-emploi\/wp-content\/uploads\/2016\/06\/shutterstock_309039188-small.jpg?fit=1200%2C800&ssl=1&resize=350%2C200","width":350,"height":200,"srcset":"https:\/\/i0.wp.com\/www.groupe-icare.com\/solutions-emploi\/wp-content\/uploads\/2016\/06\/shutterstock_309039188-small.jpg?fit=1200%2C800&ssl=1&resize=350%2C200 1x, https:\/\/i0.wp.com\/www.groupe-icare.com\/solutions-emploi\/wp-content\/uploads\/2016\/06\/shutterstock_309039188-small.jpg?fit=1200%2C800&ssl=1&resize=525%2C300 1.5x, https:\/\/i0.wp.com\/www.groupe-icare.com\/solutions-emploi\/wp-content\/uploads\/2016\/06\/shutterstock_309039188-small.jpg?fit=1200%2C800&ssl=1&resize=700%2C400 2x, https:\/\/i0.wp.com\/www.groupe-icare.com\/solutions-emploi\/wp-content\/uploads\/2016\/06\/shutterstock_309039188-small.jpg?fit=1200%2C800&ssl=1&resize=1050%2C600 3x"},"classes":[]},{"id":8171,"url":"https:\/\/www.groupe-icare.com\/solutions-emploi\/2018\/02\/09\/mardi-30-janvier-2018-parlons-formation-metiers-btp\/","url_meta":{"origin":1776,"position":3},"title":"Mardi 30 janvier 2018 parlons formation et m\u00e9tiers BTP","author":"Communication-Icare","date":"9 f\u00e9vrier 2018","format":false,"excerpt":"Le Groupe ICARE r\u00e9pond pr\u00e9sent pour \u00e9changer avec les acteurs de son territoire sur l'emploi et la formation.","rel":"","context":"Dans &quot;Actualit\u00e9s - solutions pour l'emploi&quot;","block_context":{"text":"Actualit\u00e9s - solutions pour l'emploi","link":"https:\/\/www.groupe-icare.com\/solutions-emploi\/category\/actualites-globales\/"},"img":{"alt_text":"","src":"https:\/\/i0.wp.com\/www.groupe-icare.com\/solutions-emploi\/wp-content\/uploads\/2018\/02\/capturematinale-btp-30-janvier.jpg?fit=417%2C252&ssl=1&resize=350%2C200","width":350,"height":200},"classes":[]},{"id":8910,"url":"https:\/\/www.groupe-icare.com\/solutions-emploi\/2019\/06\/24\/decouvrez-les-metiers-des-entreprises-engagees-du-24-au-29-juin-2019\/","url_meta":{"origin":1776,"position":4},"title":"D\u00e9couvrez les m\u00e9tiers des entreprises engag\u00e9es du 24 au 29 juin 2019","author":"Communication-Icare","date":"24 juin 2019","format":false,"excerpt":"c'est gratuit et vous ferez le plein d'informations","rel":"","context":"Dans &quot;Actualit\u00e9s - solutions pour l'emploi&quot;","block_context":{"text":"Actualit\u00e9s - solutions pour l'emploi","link":"https:\/\/www.groupe-icare.com\/solutions-emploi\/category\/actualites-globales\/"},"img":{"alt_text":"","src":"https:\/\/i0.wp.com\/www.groupe-icare.com\/solutions-emploi\/wp-content\/uploads\/2019\/06\/capture-mix-7.jpg?fit=662%2C352&ssl=1&resize=350%2C200","width":350,"height":200,"srcset":"https:\/\/i0.wp.com\/www.groupe-icare.com\/solutions-emploi\/wp-content\/uploads\/2019\/06\/capture-mix-7.jpg?fit=662%2C352&ssl=1&resize=350%2C200 1x, https:\/\/i0.wp.com\/www.groupe-icare.com\/solutions-emploi\/wp-content\/uploads\/2019\/06\/capture-mix-7.jpg?fit=662%2C352&ssl=1&resize=525%2C300 1.5x"},"classes":[]},{"id":9856,"url":"https:\/\/www.groupe-icare.com\/solutions-emploi\/2022\/12\/01\/retour-sur-le-forum-des-metiers-a-fortes-valeurs-humaines\/","url_meta":{"origin":1776,"position":5},"title":"Retour sur le forum des M\u00e9tiers \u00e0 Fortes Valeurs Humaines","author":"Communication-Icare","date":"1 d\u00e9cembre 2022","format":false,"excerpt":"Le forum des M\u00e9tiers \u00e0 Fortes Valeurs Humaines faisait partie des diff\u00e9rentes actions que lancent La M\u00e9tropole de Lyon et la Maison m\u00e9tropolitaine d\u2019insertion pour l\u2019emploi (MMI\u2019e). Il a eu lieu le 24 Novembre \u00e0 l'Espace Jean Couty \u00e0 Lyon 9e. De nombreuses personnes sont venues d\u00e9couvrir les professions d\u2019aide\u2026","rel":"","context":"Dans &quot;A la une&quot;","block_context":{"text":"A la une","link":"https:\/\/www.groupe-icare.com\/solutions-emploi\/category\/alaune\/"},"img":{"alt_text":"","src":"https:\/\/i0.wp.com\/www.groupe-icare.com\/solutions-emploi\/wp-content\/uploads\/2022\/12\/photo-2.jpg?fit=1200%2C900&ssl=1&resize=350%2C200","width":350,"height":200,"srcset":"https:\/\/i0.wp.com\/www.groupe-icare.com\/solutions-emploi\/wp-content\/uploads\/2022\/12\/photo-2.jpg?fit=1200%2C900&ssl=1&resize=350%2C200 1x, https:\/\/i0.wp.com\/www.groupe-icare.com\/solutions-emploi\/wp-content\/uploads\/2022\/12\/photo-2.jpg?fit=1200%2C900&ssl=1&resize=525%2C300 1.5x, https:\/\/i0.wp.com\/www.groupe-icare.com\/solutions-emploi\/wp-content\/uploads\/2022\/12\/photo-2.jpg?fit=1200%2C900&ssl=1&resize=700%2C400 2x, https:\/\/i0.wp.com\/www.groupe-icare.com\/solutions-emploi\/wp-content\/uploads\/2022\/12\/photo-2.jpg?fit=1200%2C900&ssl=1&resize=1050%2C600 3x"},"classes":[]}],"jetpack_sharing_enabled":true,"_links":{"self":[{"href":"https:\/\/www.groupe-icare.com\/solutions-emploi\/wp-json\/wp\/v2\/posts\/1776"}],"collection":[{"href":"https:\/\/www.groupe-icare.com\/solutions-emploi\/wp-json\/wp\/v2\/posts"}],"about":[{"href":"https:\/\/www.groupe-icare.com\/solutions-emploi\/wp-json\/wp\/v2\/types\/post"}],"author":[{"embeddable":true,"href":"https:\/\/www.groupe-icare.com\/solutions-emploi\/wp-json\/wp\/v2\/users\/11"}],"replies":[{"embeddable":true,"href":"https:\/\/www.groupe-icare.com\/solutions-emploi\/wp-json\/wp\/v2\/comments?post=1776"}],"version-history":[{"count":0,"href":"https:\/\/www.groupe-icare.com\/solutions-emploi\/wp-json\/wp\/v2\/posts\/1776\/revisions"}],"wp:featuredmedia":[{"embeddable":true,"href":"https:\/\/www.groupe-icare.com\/solutions-emploi\/wp-json\/wp\/v2\/media\/1775"}],"wp:attachment":[{"href":"https:\/\/www.groupe-icare.com\/solutions-emploi\/wp-json\/wp\/v2\/media?parent=1776"}],"wp:term":[{"taxonomy":"category","embeddable":true,"href":"https:\/\/www.groupe-icare.com\/solutions-emploi\/wp-json\/wp\/v2\/categories?post=1776"},{"taxonomy":"post_tag","embeddable":true,"href":"https:\/\/www.groupe-icare.com\/solutions-emploi\/wp-json\/wp\/v2\/tags?post=1776"}],"curies":[{"name":"wp","href":"https:\/\/api.w.org\/{rel}","templated":true}]}}