{"id":8954,"date":"2019-09-06T15:29:38","date_gmt":"2019-09-06T13:29:38","guid":{"rendered":"http:\/\/www.groupe-icare.com\/solutions-emploi\/?p=8954"},"modified":"2019-09-06T15:33:00","modified_gmt":"2019-09-06T13:33:00","slug":"item-un-service-propose-aux-collectivites-et-bailleurs-pour-une-rentree-engagee-socialement","status":"publish","type":"post","link":"https:\/\/www.groupe-icare.com\/solutions-emploi\/2019\/09\/06\/item-un-service-propose-aux-collectivites-et-bailleurs-pour-une-rentree-engagee-socialement\/","title":{"rendered":"ITEM, un service propos\u00e9 aux COLLECTIVITES et BAILLEURS pour une rentr\u00e9e engag\u00e9e socialement"},"content":{"rendered":"<p>Septembre est le mois de rentr\u00e9e et souvent un temps pour l&rsquo;\u00e9mergence de projets sur fin d &lsquo;ann\u00e9e et l&rsquo;ann\u00e9e suivante.<\/p>\n<p>Soyez inspir\u00e9 en valorisant <strong>votre engagement soci\u00e9tale pour favoriser la cr\u00e9ation d&#8217;emploi et la lutte contre l&rsquo;exclusion<\/strong>. Comment? En faisant appel \u00e0 ITEM atelier &amp; chantier d&rsquo;insertion pour vos projets de r\u00e9novation de vos locaux.<\/p>\n<p><img decoding=\"async\" loading=\"lazy\" data-attachment-id=\"8956\" data-permalink=\"https:\/\/www.groupe-icare.com\/solutions-emploi\/2019\/09\/06\/item-un-service-propose-aux-collectivites-et-bailleurs-pour-une-rentree-engagee-socialement\/capture-item-2\/\" data-orig-file=\"https:\/\/i0.wp.com\/www.groupe-icare.com\/solutions-emploi\/wp-content\/uploads\/2019\/09\/capture-item-2.jpg?fit=912%2C611&amp;ssl=1\" data-orig-size=\"912,611\" data-comments-opened=\"1\" data-image-meta=\"{&quot;aperture&quot;:&quot;0&quot;,&quot;credit&quot;:&quot;Nathalie Ruocco&quot;,&quot;camera&quot;:&quot;&quot;,&quot;caption&quot;:&quot;&quot;,&quot;created_timestamp&quot;:&quot;1567782597&quot;,&quot;copyright&quot;:&quot;&quot;,&quot;focal_length&quot;:&quot;0&quot;,&quot;iso&quot;:&quot;0&quot;,&quot;shutter_speed&quot;:&quot;0&quot;,&quot;title&quot;:&quot;&quot;,&quot;orientation&quot;:&quot;0&quot;}\" data-image-title=\"Capture item 2\" data-image-description=\"\" data-image-caption=\"\" data-medium-file=\"https:\/\/i0.wp.com\/www.groupe-icare.com\/solutions-emploi\/wp-content\/uploads\/2019\/09\/capture-item-2.jpg?fit=300%2C201&amp;ssl=1\" data-large-file=\"https:\/\/i0.wp.com\/www.groupe-icare.com\/solutions-emploi\/wp-content\/uploads\/2019\/09\/capture-item-2.jpg?fit=866%2C580&amp;ssl=1\" class=\"alignnone size-large wp-image-8956\" src=\"https:\/\/i0.wp.com\/www.groupe-icare.com\/solutions-emploi\/wp-content\/uploads\/2019\/09\/capture-item-2.jpg?resize=866%2C580&#038;ssl=1\" alt=\"\" width=\"866\" height=\"580\" srcset=\"https:\/\/i0.wp.com\/www.groupe-icare.com\/solutions-emploi\/wp-content\/uploads\/2019\/09\/capture-item-2.jpg?resize=866%2C580&#038;ssl=1 866w, https:\/\/www.groupe-icare.com\/solutions-emploi\/wp-content\/uploads\/2019\/09\/capture-item-2-480x322.jpg 480w\" sizes=\"(min-width: 0px) and (max-width: 480px) 480px, (min-width: 481px) 866px, 100vw\" data-recalc-dims=\"1\" \/><\/p>\n","protected":false},"excerpt":{"rendered":"<p>Septembre est le mois de rentr\u00e9e et souvent un temps pour l&rsquo;\u00e9mergence de projets sur fin d &lsquo;ann\u00e9e et l&rsquo;ann\u00e9e suivante. Soyez inspir\u00e9 en valorisant votre engagement soci\u00e9tale pour favoriser la cr\u00e9ation d&#8217;emploi et la lutte contre l&rsquo;exclusion. Comment? En faisant appel \u00e0 ITEM atelier &amp; chantier d&rsquo;insertion pour vos projets de r\u00e9novation de vos [&hellip;]<\/p>\n","protected":false},"author":11,"featured_media":8955,"comment_status":"open","ping_status":"open","sticky":false,"template":"","format":"standard","meta":{"_et_pb_use_builder":"","_et_pb_old_content":"","_et_gb_content_width":"","jetpack_post_was_ever_published":false,"_jetpack_newsletter_access":""},"categories":[19],"tags":[],"yoast_head":"<!-- This site is optimized with the Yoast SEO plugin v21.1 - https:\/\/yoast.com\/wordpress\/plugins\/seo\/ -->\n<title>ITEM, un service propos\u00e9 aux COLLECTIVITES et BAILLEURS pour une rentr\u00e9e engag\u00e9e socialement - ICARE ITEM GIROL groupe. Services et emplois en Rh\u00f4ne-Alpes<\/title>\n<meta name=\"robots\" content=\"index, follow, max-snippet:-1, max-image-preview:large, max-video-preview:-1\" \/>\n<link rel=\"canonical\" href=\"https:\/\/www.groupe-icare.com\/solutions-emploi\/2019\/09\/06\/item-un-service-propose-aux-collectivites-et-bailleurs-pour-une-rentree-engagee-socialement\/\" \/>\n<meta property=\"og:locale\" content=\"fr_FR\" \/>\n<meta property=\"og:type\" content=\"article\" \/>\n<meta property=\"og:title\" content=\"ITEM, un service propos\u00e9 aux COLLECTIVITES et BAILLEURS pour une rentr\u00e9e engag\u00e9e socialement - ICARE ITEM GIROL groupe. Services et emplois en Rh\u00f4ne-Alpes\" \/>\n<meta property=\"og:description\" content=\"Septembre est le mois de rentr\u00e9e et souvent un temps pour l&rsquo;\u00e9mergence de projets sur fin d &lsquo;ann\u00e9e et l&rsquo;ann\u00e9e suivante. Soyez inspir\u00e9 en valorisant votre engagement soci\u00e9tale pour favoriser la cr\u00e9ation d&#8217;emploi et la lutte contre l&rsquo;exclusion. Comment? En faisant appel \u00e0 ITEM atelier &amp; chantier d&rsquo;insertion pour vos projets de r\u00e9novation de vos [&hellip;]\" \/>\n<meta property=\"og:url\" content=\"https:\/\/www.groupe-icare.com\/solutions-emploi\/2019\/09\/06\/item-un-service-propose-aux-collectivites-et-bailleurs-pour-une-rentree-engagee-socialement\/\" \/>\n<meta property=\"og:site_name\" content=\"ICARE ITEM GIROL groupe. Services et emplois en Rh\u00f4ne-Alpes\" \/>\n<meta property=\"article:published_time\" content=\"2019-09-06T13:29:38+00:00\" \/>\n<meta property=\"article:modified_time\" content=\"2019-09-06T13:33:00+00:00\" \/>\n<meta property=\"og:image\" content=\"https:\/\/i0.wp.com\/www.groupe-icare.com\/solutions-emploi\/wp-content\/uploads\/2019\/09\/capture-item.jpg?fit=913%2C626&ssl=1\" \/>\n\t<meta property=\"og:image:width\" content=\"913\" \/>\n\t<meta property=\"og:image:height\" content=\"626\" \/>\n\t<meta property=\"og:image:type\" content=\"image\/jpeg\" \/>\n<meta name=\"author\" content=\"Communication-Icare\" \/>\n<meta name=\"twitter:card\" content=\"summary_large_image\" \/>\n<meta name=\"twitter:label1\" content=\"\u00c9crit par\" \/>\n\t<meta name=\"twitter:data1\" content=\"Communication-Icare\" \/>\n<script type=\"application\/ld+json\" class=\"yoast-schema-graph\">{\"@context\":\"https:\/\/schema.org\",\"@graph\":[{\"@type\":\"WebPage\",\"@id\":\"https:\/\/www.groupe-icare.com\/solutions-emploi\/2019\/09\/06\/item-un-service-propose-aux-collectivites-et-bailleurs-pour-une-rentree-engagee-socialement\/\",\"url\":\"https:\/\/www.groupe-icare.com\/solutions-emploi\/2019\/09\/06\/item-un-service-propose-aux-collectivites-et-bailleurs-pour-une-rentree-engagee-socialement\/\",\"name\":\"ITEM, un service propos\u00e9 aux COLLECTIVITES et BAILLEURS pour une rentr\u00e9e engag\u00e9e socialement - ICARE ITEM GIROL groupe. Services et emplois en Rh\u00f4ne-Alpes\",\"isPartOf\":{\"@id\":\"https:\/\/www.groupe-icare.com\/solutions-emploi\/#website\"},\"datePublished\":\"2019-09-06T13:29:38+00:00\",\"dateModified\":\"2019-09-06T13:33:00+00:00\",\"author\":{\"@id\":\"https:\/\/www.groupe-icare.com\/solutions-emploi\/#\/schema\/person\/272fdb8fbebf6613e18da09da55b0f41\"},\"breadcrumb\":{\"@id\":\"https:\/\/www.groupe-icare.com\/solutions-emploi\/2019\/09\/06\/item-un-service-propose-aux-collectivites-et-bailleurs-pour-une-rentree-engagee-socialement\/#breadcrumb\"},\"inLanguage\":\"fr-FR\",\"potentialAction\":[{\"@type\":\"ReadAction\",\"target\":[\"https:\/\/www.groupe-icare.com\/solutions-emploi\/2019\/09\/06\/item-un-service-propose-aux-collectivites-et-bailleurs-pour-une-rentree-engagee-socialement\/\"]}]},{\"@type\":\"BreadcrumbList\",\"@id\":\"https:\/\/www.groupe-icare.com\/solutions-emploi\/2019\/09\/06\/item-un-service-propose-aux-collectivites-et-bailleurs-pour-une-rentree-engagee-socialement\/#breadcrumb\",\"itemListElement\":[{\"@type\":\"ListItem\",\"position\":1,\"name\":\"Accueil\",\"item\":\"https:\/\/www.groupe-icare.com\/solutions-emploi\/\"},{\"@type\":\"ListItem\",\"position\":2,\"name\":\"ITEM, un service propos\u00e9 aux COLLECTIVITES et BAILLEURS pour une rentr\u00e9e engag\u00e9e socialement\"}]},{\"@type\":\"WebSite\",\"@id\":\"https:\/\/www.groupe-icare.com\/solutions-emploi\/#website\",\"url\":\"https:\/\/www.groupe-icare.com\/solutions-emploi\/\",\"name\":\"ICARE ITEM GIROL groupe. Services et emplois en Rh\u00f4ne-Alpes\",\"description\":\"les solutions emploi de Rh\u00f4ne-Alpes\",\"potentialAction\":[{\"@type\":\"SearchAction\",\"target\":{\"@type\":\"EntryPoint\",\"urlTemplate\":\"https:\/\/www.groupe-icare.com\/solutions-emploi\/?s={search_term_string}\"},\"query-input\":\"required name=search_term_string\"}],\"inLanguage\":\"fr-FR\"},{\"@type\":\"Person\",\"@id\":\"https:\/\/www.groupe-icare.com\/solutions-emploi\/#\/schema\/person\/272fdb8fbebf6613e18da09da55b0f41\",\"name\":\"Communication-Icare\",\"image\":{\"@type\":\"ImageObject\",\"inLanguage\":\"fr-FR\",\"@id\":\"https:\/\/www.groupe-icare.com\/solutions-emploi\/#\/schema\/person\/image\/\",\"url\":\"https:\/\/secure.gravatar.com\/avatar\/9ae3b362b7882eed287f951755917fc1?s=96&d=mm&r=g\",\"contentUrl\":\"https:\/\/secure.gravatar.com\/avatar\/9ae3b362b7882eed287f951755917fc1?s=96&d=mm&r=g\",\"caption\":\"Communication-Icare\"},\"url\":\"https:\/\/www.groupe-icare.com\/solutions-emploi\/author\/communication-icare\/\"}]}<\/script>\n<!-- \/ Yoast SEO plugin. -->","yoast_head_json":{"title":"ITEM, un service propos\u00e9 aux COLLECTIVITES et BAILLEURS pour une rentr\u00e9e engag\u00e9e socialement - ICARE ITEM GIROL groupe. Services et emplois en Rh\u00f4ne-Alpes","robots":{"index":"index","follow":"follow","max-snippet":"max-snippet:-1","max-image-preview":"max-image-preview:large","max-video-preview":"max-video-preview:-1"},"canonical":"https:\/\/www.groupe-icare.com\/solutions-emploi\/2019\/09\/06\/item-un-service-propose-aux-collectivites-et-bailleurs-pour-une-rentree-engagee-socialement\/","og_locale":"fr_FR","og_type":"article","og_title":"ITEM, un service propos\u00e9 aux COLLECTIVITES et BAILLEURS pour une rentr\u00e9e engag\u00e9e socialement - ICARE ITEM GIROL groupe. Services et emplois en Rh\u00f4ne-Alpes","og_description":"Septembre est le mois de rentr\u00e9e et souvent un temps pour l&rsquo;\u00e9mergence de projets sur fin d &lsquo;ann\u00e9e et l&rsquo;ann\u00e9e suivante. Soyez inspir\u00e9 en valorisant votre engagement soci\u00e9tale pour favoriser la cr\u00e9ation d&#8217;emploi et la lutte contre l&rsquo;exclusion. Comment? En faisant appel \u00e0 ITEM atelier &amp; chantier d&rsquo;insertion pour vos projets de r\u00e9novation de vos [&hellip;]","og_url":"https:\/\/www.groupe-icare.com\/solutions-emploi\/2019\/09\/06\/item-un-service-propose-aux-collectivites-et-bailleurs-pour-une-rentree-engagee-socialement\/","og_site_name":"ICARE ITEM GIROL groupe. Services et emplois en Rh\u00f4ne-Alpes","article_published_time":"2019-09-06T13:29:38+00:00","article_modified_time":"2019-09-06T13:33:00+00:00","og_image":[{"width":913,"height":626,"url":"https:\/\/i0.wp.com\/www.groupe-icare.com\/solutions-emploi\/wp-content\/uploads\/2019\/09\/capture-item.jpg?fit=913%2C626&ssl=1","type":"image\/jpeg"}],"author":"Communication-Icare","twitter_card":"summary_large_image","twitter_misc":{"\u00c9crit par":"Communication-Icare"},"schema":{"@context":"https:\/\/schema.org","@graph":[{"@type":"WebPage","@id":"https:\/\/www.groupe-icare.com\/solutions-emploi\/2019\/09\/06\/item-un-service-propose-aux-collectivites-et-bailleurs-pour-une-rentree-engagee-socialement\/","url":"https:\/\/www.groupe-icare.com\/solutions-emploi\/2019\/09\/06\/item-un-service-propose-aux-collectivites-et-bailleurs-pour-une-rentree-engagee-socialement\/","name":"ITEM, un service propos\u00e9 aux COLLECTIVITES et BAILLEURS pour une rentr\u00e9e engag\u00e9e socialement - ICARE ITEM GIROL groupe. Services et emplois en Rh\u00f4ne-Alpes","isPartOf":{"@id":"https:\/\/www.groupe-icare.com\/solutions-emploi\/#website"},"datePublished":"2019-09-06T13:29:38+00:00","dateModified":"2019-09-06T13:33:00+00:00","author":{"@id":"https:\/\/www.groupe-icare.com\/solutions-emploi\/#\/schema\/person\/272fdb8fbebf6613e18da09da55b0f41"},"breadcrumb":{"@id":"https:\/\/www.groupe-icare.com\/solutions-emploi\/2019\/09\/06\/item-un-service-propose-aux-collectivites-et-bailleurs-pour-une-rentree-engagee-socialement\/#breadcrumb"},"inLanguage":"fr-FR","potentialAction":[{"@type":"ReadAction","target":["https:\/\/www.groupe-icare.com\/solutions-emploi\/2019\/09\/06\/item-un-service-propose-aux-collectivites-et-bailleurs-pour-une-rentree-engagee-socialement\/"]}]},{"@type":"BreadcrumbList","@id":"https:\/\/www.groupe-icare.com\/solutions-emploi\/2019\/09\/06\/item-un-service-propose-aux-collectivites-et-bailleurs-pour-une-rentree-engagee-socialement\/#breadcrumb","itemListElement":[{"@type":"ListItem","position":1,"name":"Accueil","item":"https:\/\/www.groupe-icare.com\/solutions-emploi\/"},{"@type":"ListItem","position":2,"name":"ITEM, un service propos\u00e9 aux COLLECTIVITES et BAILLEURS pour une rentr\u00e9e engag\u00e9e socialement"}]},{"@type":"WebSite","@id":"https:\/\/www.groupe-icare.com\/solutions-emploi\/#website","url":"https:\/\/www.groupe-icare.com\/solutions-emploi\/","name":"ICARE ITEM GIROL groupe. Services et emplois en Rh\u00f4ne-Alpes","description":"les solutions emploi de Rh\u00f4ne-Alpes","potentialAction":[{"@type":"SearchAction","target":{"@type":"EntryPoint","urlTemplate":"https:\/\/www.groupe-icare.com\/solutions-emploi\/?s={search_term_string}"},"query-input":"required name=search_term_string"}],"inLanguage":"fr-FR"},{"@type":"Person","@id":"https:\/\/www.groupe-icare.com\/solutions-emploi\/#\/schema\/person\/272fdb8fbebf6613e18da09da55b0f41","name":"Communication-Icare","image":{"@type":"ImageObject","inLanguage":"fr-FR","@id":"https:\/\/www.groupe-icare.com\/solutions-emploi\/#\/schema\/person\/image\/","url":"https:\/\/secure.gravatar.com\/avatar\/9ae3b362b7882eed287f951755917fc1?s=96&d=mm&r=g","contentUrl":"https:\/\/secure.gravatar.com\/avatar\/9ae3b362b7882eed287f951755917fc1?s=96&d=mm&r=g","caption":"Communication-Icare"},"url":"https:\/\/www.groupe-icare.com\/solutions-emploi\/author\/communication-icare\/"}]}},"jetpack_featured_media_url":"https:\/\/i0.wp.com\/www.groupe-icare.com\/solutions-emploi\/wp-content\/uploads\/2019\/09\/capture-item.jpg?fit=913%2C626&ssl=1","jetpack_shortlink":"https:\/\/wp.me\/p7CrYq-2kq","jetpack-related-posts":[{"id":7789,"url":"https:\/\/www.groupe-icare.com\/solutions-emploi\/2017\/08\/08\/icare-service-a-personne-fera-aimer-rentree\/","url_meta":{"origin":8954,"position":0},"title":"Icare Service \u00e0 la Personne vous fera aimer la rentr\u00e9e!","author":"Communication-Icare","date":"8 ao\u00fbt 2017","format":false,"excerpt":"Gagnez du temps pour vous, vos proches, votre vie professionnelle et aussi plus de bien- \u00eatre.","rel":"","context":"Dans &quot;A la une&quot;","block_context":{"text":"A la une","link":"https:\/\/www.groupe-icare.com\/solutions-emploi\/category\/alaune\/"},"img":{"alt_text":"","src":"https:\/\/i0.wp.com\/www.groupe-icare.com\/solutions-emploi\/wp-content\/uploads\/2017\/08\/capturebis3.jpg?fit=535%2C489&ssl=1&resize=350%2C200","width":350,"height":200,"srcset":"https:\/\/i0.wp.com\/www.groupe-icare.com\/solutions-emploi\/wp-content\/uploads\/2017\/08\/capturebis3.jpg?fit=535%2C489&ssl=1&resize=350%2C200 1x, https:\/\/i0.wp.com\/www.groupe-icare.com\/solutions-emploi\/wp-content\/uploads\/2017\/08\/capturebis3.jpg?fit=535%2C489&ssl=1&resize=525%2C300 1.5x"},"classes":[]},{"id":8937,"url":"https:\/\/www.groupe-icare.com\/solutions-emploi\/2019\/09\/06\/lassociation-icare-souhaite-une-bonne-rentree-a-ses-clients-associations-et-collectivites\/","url_meta":{"origin":8954,"position":1},"title":"L&rsquo;ASSOCIATION ICARE vous souhaite de bonnes vacances","author":"Communication-Icare","date":"6 septembre 2019","format":false,"excerpt":"Recrutez les comp\u00e9tences qu'il vous faut et luttez contre l'exclusion avec l\u2019 Association ICARE!","rel":"","context":"Dans &quot;Actualit\u00e9s - solutions pour l'emploi&quot;","block_context":{"text":"Actualit\u00e9s - solutions pour l'emploi","link":"https:\/\/www.groupe-icare.com\/solutions-emploi\/category\/actualites-globales\/"},"img":{"alt_text":"","src":"https:\/\/i0.wp.com\/www.groupe-icare.com\/solutions-emploi\/wp-content\/uploads\/2019\/09\/capture-rentree-icare-1.jpg?fit=530%2C557&ssl=1&resize=350%2C200","width":350,"height":200,"srcset":"https:\/\/i0.wp.com\/www.groupe-icare.com\/solutions-emploi\/wp-content\/uploads\/2019\/09\/capture-rentree-icare-1.jpg?fit=530%2C557&ssl=1&resize=350%2C200 1x, https:\/\/i0.wp.com\/www.groupe-icare.com\/solutions-emploi\/wp-content\/uploads\/2019\/09\/capture-rentree-icare-1.jpg?fit=530%2C557&ssl=1&resize=525%2C300 1.5x"},"classes":[]},{"id":8106,"url":"https:\/\/www.groupe-icare.com\/solutions-emploi\/2018\/01\/03\/nos-meilleurs-voeux-nouvelle-annee\/","url_meta":{"origin":8954,"position":2},"title":"Nos meilleurs v\u0153ux pour la nouvelle ann\u00e9e!","author":"Communication-Icare","date":"3 janvier 2018","format":false,"excerpt":"Que cette nouvelle ann\u00e9e soit rythm\u00e9e par des collaborations riches humainement et en succ\u00e8s pour nos actions communes.","rel":"","context":"Dans &quot;A la une&quot;","block_context":{"text":"A la une","link":"https:\/\/www.groupe-icare.com\/solutions-emploi\/category\/alaune\/"},"img":{"alt_text":"","src":"https:\/\/i0.wp.com\/www.groupe-icare.com\/solutions-emploi\/wp-content\/uploads\/2018\/01\/capvoeux-2018.jpg?fit=545%2C392&ssl=1&resize=350%2C200","width":350,"height":200,"srcset":"https:\/\/i0.wp.com\/www.groupe-icare.com\/solutions-emploi\/wp-content\/uploads\/2018\/01\/capvoeux-2018.jpg?fit=545%2C392&ssl=1&resize=350%2C200 1x, https:\/\/i0.wp.com\/www.groupe-icare.com\/solutions-emploi\/wp-content\/uploads\/2018\/01\/capvoeux-2018.jpg?fit=545%2C392&ssl=1&resize=525%2C300 1.5x"},"classes":[]},{"id":1546,"url":"https:\/\/www.groupe-icare.com\/solutions-emploi\/2015\/09\/02\/prolongez-un-peu-vos-vacances\/","url_meta":{"origin":8954,"position":3},"title":"Prolongez un peu vos vacances &#8230;","author":"Communication-Icare","date":"2 septembre 2015","format":false,"excerpt":"\u2026 En nous confiant votre logement et votre jardin ! Pour pr\u00e9server les b\u00e9n\u00e9fices de vos vacances \u2026 Gagnez et faites gagner des heures en parrainant vos proches ! Apr\u00e8s 10 heures d\u2019intervention \u00e0 son domicile, ICARE vous\u00a0 offre, \u00e0 vous parrain, et \u00e0 votre filleul une heure d\u2019intervention gratuite.\u2026","rel":"","context":"Dans &quot;Actualit\u00e9s - solutions pour l'emploi&quot;","block_context":{"text":"Actualit\u00e9s - solutions pour l'emploi","link":"https:\/\/www.groupe-icare.com\/solutions-emploi\/category\/actualites-globales\/"},"img":{"alt_text":"","src":"https:\/\/i0.wp.com\/www.groupe-icare.com\/solutions-emploi\/wp-content\/uploads\/2015\/09\/parrainage-2015.png?fit=831%2C552&ssl=1&resize=350%2C200","width":350,"height":200,"srcset":"https:\/\/i0.wp.com\/www.groupe-icare.com\/solutions-emploi\/wp-content\/uploads\/2015\/09\/parrainage-2015.png?fit=831%2C552&ssl=1&resize=350%2C200 1x, https:\/\/i0.wp.com\/www.groupe-icare.com\/solutions-emploi\/wp-content\/uploads\/2015\/09\/parrainage-2015.png?fit=831%2C552&ssl=1&resize=525%2C300 1.5x, https:\/\/i0.wp.com\/www.groupe-icare.com\/solutions-emploi\/wp-content\/uploads\/2015\/09\/parrainage-2015.png?fit=831%2C552&ssl=1&resize=700%2C400 2x"},"classes":[]},{"id":8557,"url":"https:\/\/www.groupe-icare.com\/solutions-emploi\/2018\/09\/05\/icare-services-a-la-personne-souhaite-une-excellente-rentree-aux-familles\/","url_meta":{"origin":8954,"position":4},"title":"Icare Services \u00e0 la Personne souhaite une excellente rentr\u00e9e aux familles","author":"Communication-Icare","date":"5 septembre 2018","format":false,"excerpt":"Petits et grands nous vous souhaitons une bonne reprise apr\u00e8s ce bel \u00e9t\u00e9.","rel":"","context":"Dans &quot;A la une&quot;","block_context":{"text":"A la une","link":"https:\/\/www.groupe-icare.com\/solutions-emploi\/category\/alaune\/"},"img":{"alt_text":"","src":"https:\/\/i0.wp.com\/www.groupe-icare.com\/solutions-emploi\/wp-content\/uploads\/2018\/09\/rentree-scolaire-bis.jpg?fit=1200%2C800&ssl=1&resize=350%2C200","width":350,"height":200,"srcset":"https:\/\/i0.wp.com\/www.groupe-icare.com\/solutions-emploi\/wp-content\/uploads\/2018\/09\/rentree-scolaire-bis.jpg?fit=1200%2C800&ssl=1&resize=350%2C200 1x, https:\/\/i0.wp.com\/www.groupe-icare.com\/solutions-emploi\/wp-content\/uploads\/2018\/09\/rentree-scolaire-bis.jpg?fit=1200%2C800&ssl=1&resize=525%2C300 1.5x, https:\/\/i0.wp.com\/www.groupe-icare.com\/solutions-emploi\/wp-content\/uploads\/2018\/09\/rentree-scolaire-bis.jpg?fit=1200%2C800&ssl=1&resize=700%2C400 2x, https:\/\/i0.wp.com\/www.groupe-icare.com\/solutions-emploi\/wp-content\/uploads\/2018\/09\/rentree-scolaire-bis.jpg?fit=1200%2C800&ssl=1&resize=1050%2C600 3x"},"classes":[]},{"id":6927,"url":"https:\/\/www.groupe-icare.com\/solutions-emploi\/2017\/01\/04\/groupe-icare-souhaite-excellente-annee\/","url_meta":{"origin":8954,"position":5},"title":"Le groupe Icare vous souhaite une excellente ann\u00e9e !!","author":"Communication-Icare","date":"4 janvier 2017","format":false,"excerpt":"Cette ann\u00e9e nous renouvelons notre Voeu .....Vous accompagner dans vos projets et ensemble cr\u00e9ons de l'emploi sur notre territoire.","rel":"","context":"Dans &quot;Actualit\u00e9s - solutions pour l'emploi&quot;","block_context":{"text":"Actualit\u00e9s - solutions pour l'emploi","link":"https:\/\/www.groupe-icare.com\/solutions-emploi\/category\/actualites-globales\/"},"img":{"alt_text":"","src":"","width":0,"height":0},"classes":[]}],"jetpack_sharing_enabled":true,"_links":{"self":[{"href":"https:\/\/www.groupe-icare.com\/solutions-emploi\/wp-json\/wp\/v2\/posts\/8954"}],"collection":[{"href":"https:\/\/www.groupe-icare.com\/solutions-emploi\/wp-json\/wp\/v2\/posts"}],"about":[{"href":"https:\/\/www.groupe-icare.com\/solutions-emploi\/wp-json\/wp\/v2\/types\/post"}],"author":[{"embeddable":true,"href":"https:\/\/www.groupe-icare.com\/solutions-emploi\/wp-json\/wp\/v2\/users\/11"}],"replies":[{"embeddable":true,"href":"https:\/\/www.groupe-icare.com\/solutions-emploi\/wp-json\/wp\/v2\/comments?post=8954"}],"version-history":[{"count":1,"href":"https:\/\/www.groupe-icare.com\/solutions-emploi\/wp-json\/wp\/v2\/posts\/8954\/revisions"}],"predecessor-version":[{"id":8957,"href":"https:\/\/www.groupe-icare.com\/solutions-emploi\/wp-json\/wp\/v2\/posts\/8954\/revisions\/8957"}],"wp:featuredmedia":[{"embeddable":true,"href":"https:\/\/www.groupe-icare.com\/solutions-emploi\/wp-json\/wp\/v2\/media\/8955"}],"wp:attachment":[{"href":"https:\/\/www.groupe-icare.com\/solutions-emploi\/wp-json\/wp\/v2\/media?parent=8954"}],"wp:term":[{"taxonomy":"category","embeddable":true,"href":"https:\/\/www.groupe-icare.com\/solutions-emploi\/wp-json\/wp\/v2\/categories?post=8954"},{"taxonomy":"post_tag","embeddable":true,"href":"https:\/\/www.groupe-icare.com\/solutions-emploi\/wp-json\/wp\/v2\/tags?post=8954"}],"curies":[{"name":"wp","href":"https:\/\/api.w.org\/{rel}","templated":true}]}}